{"id":4244,"date":"2026-03-05T09:35:29","date_gmt":"2026-03-05T12:35:29","guid":{"rendered":"https:\/\/sibi.ufal.br\/portal\/?p=4244"},"modified":"2026-03-05T11:13:25","modified_gmt":"2026-03-05T14:13:25","slug":"horario-de-funcionamento-do-sibi-ufal-no-periodo-de-greve","status":"publish","type":"post","link":"https:\/\/sibi.ufal.br\/portal\/?p=4244","title":{"rendered":"Hor\u00e1rio de funcionamento do SiBi\/UFAL no per\u00edodo de greve"},"content":{"rendered":"\n<p>Ol\u00e1, Comunidade Acad\u00eamica!<\/p>\n\n\n\n<p>Informamos que, em virtude da greve aprovada em assembleia no dia 24 de fevereiro de 2026, as bibliotecas do SIBI\/UFAL estar\u00e3o funcionando em hor\u00e1rio reduzido a partir do dia 27 de fevereiro.<\/p>\n\n\n\n<p>Confira os novos hor\u00e1rios de atendimento:<\/p>\n\n\n\n<h4 class=\"wp-block-heading\">&nbsp;<\/h4>\n\n\n\n<figure class=\"wp-block-table\"><table><thead><tr><th>Biblioteca<\/th><th>Hor\u00e1rio<\/th><\/tr><\/thead><tbody><tr><td>Biblioteca Central Campus A.C. Sim\u00f5es<\/td><td>7h \u00e0s 19h<\/td><\/tr><tr><td>Biblioteca Arriete Vilela \u2013 Faculdade de Letras<\/td><td>Fechada<\/td><\/tr><tr><td>Biblioteca Setorial Centro de Educa\u00e7\u00e3o<\/td><td>9h \u00e0s 21h<\/td><\/tr><tr><td>Biblioteca Setorial Espa\u00e7o Cultural<\/td><td>7h \u00e0s 13h <\/td><\/tr><tr><td>Biblioteca Campus Engenharias e Ci\u00eancias Agr\u00e1rias<\/td><td>seg. e sex. &#8211; 8h \u00e0s 12h <br>ter. e quin &#8211; 13h \u00e0s 17h <br>quarta-feira &#8211; fechado<\/td><\/tr><tr><td>Biblioteca Unidade Vi\u00e7osa<\/td><td>8h \u00e0s 12h \/ 13h \u00e0s 17h<\/td><\/tr><tr><td>Biblioteca Central Campus Arapiraca<\/td><td>9h \u00e0s 20h<\/td><\/tr><tr><td>Biblioteca Unidade Palmeira dos \u00cdndios<\/td><td>8h \u00e0s 12h \/ 13h \u00e0s 17h<\/td><\/tr><tr><td>Biblioteca Unidade Penedo<\/td><td>12h40 \u00e0s 21h40<\/td><\/tr><tr><td>Biblioteca Delmiro Gouveia<\/td><td>13h \u00e0s 21h30<\/td><\/tr><tr><td>Biblioteca Santana do Ipanema<\/td><td>10h \u00e0s 22h<\/td><\/tr><\/tbody><\/table><\/figure>\n\n\n\n<p class=\"has-medium-font-size\">Sobre o empr\u00e9stimo de itens<\/p>\n\n\n\n<p>N\u00e3o haver\u00e1 cobran\u00e7a de multa nos itens emprestados com data de devolu\u00e7\u00e3o durante o per\u00edodo da greve. <br><br>O SiBi\/UFAL conecta voc\u00ea! <\/p>\n\n\n\n<p class=\"has-text-align-right\"><strong>Por Rafaela Lima \u2013 Comunica\u00e7\u00e3o SIBI\/UFAL<\/strong><br>05\/03\/2026 12h23<\/p>\n","protected":false},"excerpt":{"rendered":"<p>Ol\u00e1, Comunidade Acad\u00eamica! Informamos que, em virtude da greve aprovada em assembleia no dia 24 de fevereiro de 2026, as bibliotecas do SIBI\/UFAL estar\u00e3o funcionando em hor\u00e1rio reduzido a partir do dia 27 de fevereiro. Confira os novos hor\u00e1rios de atendimento: &nbsp; Biblioteca Hor\u00e1rio Biblioteca Central Campus A.C. Sim\u00f5es 7h \u00e0s 19h Biblioteca Arriete Vilela [&hellip;]<\/p>\n","protected":false},"author":3,"featured_media":4249,"comment_status":"closed","ping_status":"closed","sticky":false,"template":"","format":"standard","meta":[],"categories":[1],"tags":[],"_links":{"self":[{"href":"https:\/\/sibi.ufal.br\/portal\/index.php?rest_route=\/wp\/v2\/posts\/4244"}],"collection":[{"href":"https:\/\/sibi.ufal.br\/portal\/index.php?rest_route=\/wp\/v2\/posts"}],"about":[{"href":"https:\/\/sibi.ufal.br\/portal\/index.php?rest_route=\/wp\/v2\/types\/post"}],"author":[{"embeddable":true,"href":"https:\/\/sibi.ufal.br\/portal\/index.php?rest_route=\/wp\/v2\/users\/3"}],"replies":[{"embeddable":true,"href":"https:\/\/sibi.ufal.br\/portal\/index.php?rest_route=%2Fwp%2Fv2%2Fcomments&post=4244"}],"version-history":[{"count":4,"href":"https:\/\/sibi.ufal.br\/portal\/index.php?rest_route=\/wp\/v2\/posts\/4244\/revisions"}],"predecessor-version":[{"id":4252,"href":"https:\/\/sibi.ufal.br\/portal\/index.php?rest_route=\/wp\/v2\/posts\/4244\/revisions\/4252"}],"wp:featuredmedia":[{"embeddable":true,"href":"https:\/\/sibi.ufal.br\/portal\/index.php?rest_route=\/wp\/v2\/media\/4249"}],"wp:attachment":[{"href":"https:\/\/sibi.ufal.br\/portal\/index.php?rest_route=%2Fwp%2Fv2%2Fmedia&parent=4244"}],"wp:term":[{"taxonomy":"category","embeddable":true,"href":"https:\/\/sibi.ufal.br\/portal\/index.php?rest_route=%2Fwp%2Fv2%2Fcategories&post=4244"},{"taxonomy":"post_tag","embeddable":true,"href":"https:\/\/sibi.ufal.br\/portal\/index.php?rest_route=%2Fwp%2Fv2%2Ftags&post=4244"}],"curies":[{"name":"wp","href":"https:\/\/api.w.org\/{rel}","templated":true}]}}